{"id":2230,"date":"2023-12-16T22:48:11","date_gmt":"2023-12-16T22:48:11","guid":{"rendered":"https:\/\/praguehints.com\/?p=2230"},"modified":"2023-12-30T14:17:47","modified_gmt":"2023-12-30T14:17:47","slug":"simon-adler-museum-in-hartmanice","status":"publish","type":"post","link":"https:\/\/praguehints.com\/pl\/simon-adler-museum-in-hartmanice\/","title":{"rendered":"Muzeum \u0160imona Adlera w Hartmanicach"},"content":{"rendered":"<figure class=\"wp-block-image size-large\"><img alt=\"\" loading=\"lazy\" decoding=\"async\" width=\"1024\" height=\"768\" src=\"https:\/\/praguehints.com\/wp-content\/uploads\/2023\/12\/Dobra_Voda_muzeum-1024x768.jpg\" class=\"wp-image-4358\" srcset=\"https:\/\/praguehints.com\/wp-content\/uploads\/2023\/12\/Dobra_Voda_muzeum-1024x768.jpg 1024w, https:\/\/praguehints.com\/wp-content\/uploads\/2023\/12\/Dobra_Voda_muzeum-600x450.jpg 600w, https:\/\/praguehints.com\/wp-content\/uploads\/2023\/12\/Dobra_Voda_muzeum-300x225.jpg 300w, https:\/\/praguehints.com\/wp-content\/uploads\/2023\/12\/Dobra_Voda_muzeum-768x576.jpg 768w, https:\/\/praguehints.com\/wp-content\/uploads\/2023\/12\/Dobra_Voda_muzeum-1536x1152.jpg 1536w, https:\/\/praguehints.com\/wp-content\/uploads\/2023\/12\/Dobra_Voda_muzeum-16x12.jpg 16w, https:\/\/praguehints.com\/wp-content\/uploads\/2023\/12\/Dobra_Voda_muzeum-560x420.jpg 560w, https:\/\/praguehints.com\/wp-content\/uploads\/2023\/12\/Dobra_Voda_muzeum-80x60.jpg 80w, https:\/\/praguehints.com\/wp-content\/uploads\/2023\/12\/Dobra_Voda_muzeum-100x75.jpg 100w, https:\/\/praguehints.com\/wp-content\/uploads\/2023\/12\/Dobra_Voda_muzeum-180x135.jpg 180w, https:\/\/praguehints.com\/wp-content\/uploads\/2023\/12\/Dobra_Voda_muzeum-238x178.jpg 238w, https:\/\/praguehints.com\/wp-content\/uploads\/2023\/12\/Dobra_Voda_muzeum-640x480.jpg 640w, https:\/\/praguehints.com\/wp-content\/uploads\/2023\/12\/Dobra_Voda_muzeum-681x511.jpg 681w, https:\/\/praguehints.com\/wp-content\/uploads\/2023\/12\/Dobra_Voda_muzeum.jpg 1600w\" sizes=\"auto, (max-width: 1024px) 100vw, 1024px\" \/><\/figure>\n\n\n<p>Muzeum jest ekspozycj\u0105 Muzeum Szumawy w Su\u0161icach. Zosta\u0142 zbudowany jako pomnik \u017cydowskiego historyka i rabina dr Simona Adlera, kt\u00f3ry sta\u0142 si\u0119 ofiar\u0105 Holokaustu w obozie koncentracyjnym Auschwitz w 1944 roku.<\/p>\n<p>Muzeum znajduje si\u0119 w miejscowo\u015bci Dobra Voda nad Hartmanice, w pobli\u017cu ko\u015bcio\u0142a \u015bw. Vint\u00edre i niedaleko tryskaj\u0105cego \u017ar\u00f3d\u0142a leczniczego. Po\u015bwi\u0119ca si\u0119 pami\u0119ci kilkudziesi\u0119ciu nieistniej\u0105cych ju\u017c gmin na pograniczu zachodnioczeskim iw oryginalny spos\u00f3b przedstawia \u017cycie mniejszo\u015bci \u017cydowskiej na Szumawie.<\/p>\n<p>Na wystawie mo\u017cna zobaczy\u0107 tak\u017ce zrekonstruowan\u0105 oryginaln\u0105 rze\u017ani\u0119 koszern\u0105 oraz wn\u0119trze gospody Po\u0161umav. Dokumentacja \u017cycia rodziny \u017cydowskiej podzielona jest na najwa\u017cniejsze kamienie milowe: narodziny, obrzezanie m\u0119skie, bar micwa, \u015blub i koniec \u017cycia. Upami\u0119tnia si\u0119 tu tak\u017ce wa\u017cne \u015bwi\u0119ta \u017cydowskie. Koncepcja wystawy sprzyja poznaniu wieloetnicznej ludno\u015bci Szumawy i pokazuje, \u017ce ludzie r\u00f3\u017cnych wyzna\u0144 i r\u00f3\u017cnych narodowo\u015bci, \u017cyj\u0105cy w jednym \u015brodowisku geograficznym, mog\u0105 tworzy\u0107 jedn\u0105 wsp\u00f3lnot\u0119 mieszkaniow\u0105, o ile nie stan\u0105 si\u0119 przedmiotem manipulacji politycznej.<\/p>\n<p>Muzeum powsta\u0142o z inicjatywy i przy wsparciu finansowym rodziny pana Matytiaha Adlera, a tak\u017ce na koszt miasta Hartmanice i Ministerstwa Kultury Republiki Czeskiej, a mie\u015bci si\u0119 w zrekonstruowanym miejscu urodzenia \u017cydowski historyk i rabin dr Simon Adler.<\/p>\n<p>Widok z Dobrej Vody na okolic\u0119 z zamkiem Ka\u0161perk nale\u017cy do najpi\u0119kniejszych na Szumawie.<\/p>\n<h2 class=\"promoter\" data-gtm-vis-recent-on-screen-1816297_44=\"50918\" data-gtm-vis-first-on-screen-1816297_44=\"50919\" data-gtm-vis-total-visible-time-1816297_44=\"100\" data-gtm-vis-has-fired-1816297_44=\"1\"><strong>Operator<\/strong><\/h2>\n<h4><strong>Muzeum Dr. \u0160imona Adlera (oddzia\u0142 Muzeum Su\u0161ice \u0160umava)<\/strong><\/h4>\n<p>Dobra Woda u Hartmanice 5<br \/>342 01 Hartmanice<\/p>\n<ul>\n<li><strong>Tel.<\/strong>:+420 376 593 412<\/li>\n<li><strong>E-mail<\/strong>:muzeumadler@sezna\u2026<\/li>\n<li><strong>WWW<\/strong>:museum.sumava.net\u2026<\/li>\n<li><strong>GPS<\/strong>:<a href=\"https:\/\/www.mapy.cz\/?x=13.436802&amp;y=49.155886&amp;source=coor&amp;id=13.436802%2C49.155886\">49.155886 13.436802<\/a>\n<p><strong>Region<\/strong>:Region pilzne\u0144ski<br \/><strong>Region<\/strong>:To szele\u015bci<br \/><strong>Miasto<\/strong>:Hartmanice<\/p>\n<\/li>\n<\/ul>\n<h2 class=\"opening-hours\"><strong>Godziny otwarcia<\/strong><\/h2>\n<p><strong>maj \u2013 pa\u017adziernik<\/strong><br \/>1.5. &#8211; 31.10.<br \/>wtorek \u2013 niedziela 09:00 \u2013 12:00<br \/>12:30 &#8211; 17:00<br \/><strong>grudzie\u0144 \u2013 marzec<\/strong><br \/>1.12. &#8211; 31.3.<br \/>wtorek \u2013 niedziela 09:00 \u2013 12:00<br \/>12:30 &#8211; 16:00<br \/><strong>Notatka<\/strong>: Zamkni\u0119te w ka\u017cdy parzysty weekend (sobota, niedziela). Zamkni\u0119te w listopadzie. Zamkni\u0119te: poniedzia\u0142ki, 24, 25, 26 i 31 grudnia, 1 stycznia.<\/p>\n<h2 class=\"info\"><strong>Wst\u0119p<\/strong><\/h2>\n<div id=\"p_lt_zoneMain_PagePlaceholder_p_lt_zoneMain_SumInfo_panelPrices\" class=\"ad_suminfo_cena_poznamka\">\n<p><span class=\"fleft vstupne\"><strong>Cena:<\/strong>\u00a0<\/span><span class=\"fright\">\u00a040 CZK<br \/><\/span><span class=\"fleft vstupne\"><strong>Obni\u017cona cena:<\/strong>\u00a0<\/span><span class=\"fright\">\u00a020 CZK<br \/><\/span><span class=\"fleft vstupne\"><strong>Op\u0142ata za wst\u0119p rodzinny:<\/strong>\u00a0<\/span><span class=\"fright\">\u00a080 CZK<\/span><\/p>\n<h2 class=\"time\"><strong>Czas trwania<\/strong><\/h2>\n<p><strong>1,5 godziny<\/strong><\/p>\n<\/div>\n<div id=\"OpeningHours187838\" class=\"OpeningHours j-OpeningHours-adr-187838\">\n<div class=\"OpeningHoursTable\">\u00a0<\/div>\n<\/div>","protected":false},"excerpt":{"rendered":"<p>The museum is an exposition of the \u0160umava Museum in Su\u0161ice. It was built as a memorial to Jewish historian and rabbi Dr. \u0160imon Adler, who became a victim of the Holocaust in the Auschwitz concentration camp in 1944. The museum is located in the settlement of Dobr\u00e1 Voda nad Hartmanice, near the church of [&hellip;]<\/p>\n","protected":false},"author":5,"featured_media":3668,"comment_status":"open","ping_status":"open","sticky":false,"template":"","format":"standard","meta":{"_seopress_robots_primary_cat":"none","_seopress_titles_title":"","_seopress_titles_desc":"","_seopress_robots_index":"","footnotes":""},"categories":[170],"tags":[],"class_list":["post-2230","post","type-post","status-publish","format-standard","has-post-thumbnail","hentry","category-jewish-monuments-around-prague"],"_links":{"self":[{"href":"https:\/\/praguehints.com\/pl\/wp-json\/wp\/v2\/posts\/2230","targetHints":{"allow":["GET"]}}],"collection":[{"href":"https:\/\/praguehints.com\/pl\/wp-json\/wp\/v2\/posts"}],"about":[{"href":"https:\/\/praguehints.com\/pl\/wp-json\/wp\/v2\/types\/post"}],"author":[{"embeddable":true,"href":"https:\/\/praguehints.com\/pl\/wp-json\/wp\/v2\/users\/5"}],"replies":[{"embeddable":true,"href":"https:\/\/praguehints.com\/pl\/wp-json\/wp\/v2\/comments?post=2230"}],"version-history":[{"count":0,"href":"https:\/\/praguehints.com\/pl\/wp-json\/wp\/v2\/posts\/2230\/revisions"}],"wp:featuredmedia":[{"embeddable":true,"href":"https:\/\/praguehints.com\/pl\/wp-json\/wp\/v2\/media\/3668"}],"wp:attachment":[{"href":"https:\/\/praguehints.com\/pl\/wp-json\/wp\/v2\/media?parent=2230"}],"wp:term":[{"taxonomy":"category","embeddable":true,"href":"https:\/\/praguehints.com\/pl\/wp-json\/wp\/v2\/categories?post=2230"},{"taxonomy":"post_tag","embeddable":true,"href":"https:\/\/praguehints.com\/pl\/wp-json\/wp\/v2\/tags?post=2230"}],"curies":[{"name":"wp","href":"https:\/\/api.w.org\/{rel}","templated":true}]}}